{"id":4414,"date":"2015-02-25T09:40:59","date_gmt":"2015-02-25T08:40:59","guid":{"rendered":"http:\/\/www.filasolutionsblog.com\/?p=4414"},"modified":"2015-02-25T09:40:59","modified_gmt":"2015-02-25T08:40:59","slug":"el-palacio-real-de-venaria-en-turin-gana-el-concurso-nacional-tratados-como-reyes-2014","status":"publish","type":"post","link":"https:\/\/blog.filasolutions.com\/es\/el-palacio-real-de-venaria-en-turin-gana-el-concurso-nacional-tratados-como-reyes-2014\/","title":{"rendered":"El Palacio Real de Venaria en Tur\u00edn gana el concurso nacional \u201cTratados como Reyes 2014\u201d"},"content":{"rendered":"<p>Los ganadores de esta edici\u00f3n del Concurso Tratados como Reyes son los <b>hermanos Bergantin<\/b>, que realizaron el tratamiento de las superficies de algunas salas del espl\u00e9ndido <b>Palacio Real de Venaria<\/b>, una de las mayores residencias saboyanas de Piamonte, obra maestra de arquitectura y paisaje, declarado Patrimonio de la Humanidad por la Unesco en 1997.<\/p>\n<p><a href=\"\/wp-content\/uploads\/2015\/02\/venaria-reale.jpg\"><img fetchpriority=\"high\" decoding=\"async\" class=\"alignnone  wp-image-4373\" alt=\"venaria-reale\" src=\"\/wp-content\/uploads\/2015\/02\/venaria-reale.jpg\" width=\"558\" height=\"295\" srcset=\"https:\/\/blog.filasolutions.com\/wp-content\/uploads\/2015\/02\/venaria-reale.jpg 620w, https:\/\/blog.filasolutions.com\/wp-content\/uploads\/2015\/02\/venaria-reale-300x159.jpg 300w\" sizes=\"(max-width: 558px) 100vw, 558px\" \/><\/a><\/p>\n<p>La estructura de este palacio se tuvo en cuenta en su momento para la construcci\u00f3n de Versailles. De ah\u00ed la similitud entre ambos. Despu\u00e9s de un per\u00edodo de abandono total, la Regi\u00f3n de Piamonte dio comienzo a un largo y complejo proyecto de restauraci\u00f3n que se concluy\u00f3 en 2007 con la apertura del edificio al p\u00fablico.<\/p>\n<p>Con sus 80.000 m<sup>2<\/sup> de edificio monumental y 60 hect\u00e1reas de jardines, el Palacio Real de Venaria <strong>constituye una de las m\u00e1s altas expresiones del barroco universal, apreciada cada a\u00f1o por un mill\u00f3n de visitantes<\/strong><b>.<\/b><\/p>\n<p>Sin embargo, la extraordinaria afluencia de visitas desgast\u00f3 las superficies interiores, y el trabajo de nuestros <b>expertos en tratamientos Edy y Vittorio Bergantin<\/b>, que utilizaron sabiamente los productos FILA, sirvi\u00f3 para devolver la vida a los<b> pavimentos de parqu\u00e9 de madera antigua de la \u201cSala delle Arti\u201d<\/b> (1.500 m<sup>2<\/sup>), a los <b>pavimentos de barro hecho a mano del \u201cSalone di Diana\u201d y del \u201cCastelvecchio\u201d<\/b> (3.000 m2) y a los <b>pavimentos de barro machacado de la antec\u00e1mara de los valets de la \u201cSala dei Fagioli\u201d<\/b> (800 m<sup>2<\/sup>).<\/p>\n<p><a href=\"\/wp-content\/uploads\/2015\/02\/venaria-reale-prima.jpg\"><img decoding=\"async\" class=\"alignnone  wp-image-4372\" alt=\"venaria-reale-prima\" src=\"\/wp-content\/uploads\/2015\/02\/venaria-reale-prima.jpg\" width=\"480\" height=\"319\" srcset=\"https:\/\/blog.filasolutions.com\/wp-content\/uploads\/2015\/02\/venaria-reale-prima.jpg 800w, https:\/\/blog.filasolutions.com\/wp-content\/uploads\/2015\/02\/venaria-reale-prima-300x199.jpg 300w, https:\/\/blog.filasolutions.com\/wp-content\/uploads\/2015\/02\/venaria-reale-prima-768x510.jpg 768w\" sizes=\"(max-width: 480px) 100vw, 480px\" \/><\/a><\/p>\n<p><a href=\"\/wp-content\/uploads\/2015\/02\/venaria-reale-dopo.jpg\"><img decoding=\"async\" class=\"alignnone  wp-image-4369\" alt=\"venaria-reale-dopo\" src=\"\/wp-content\/uploads\/2015\/02\/venaria-reale-dopo.jpg\" width=\"480\" height=\"319\" srcset=\"https:\/\/blog.filasolutions.com\/wp-content\/uploads\/2015\/02\/venaria-reale-dopo.jpg 800w, https:\/\/blog.filasolutions.com\/wp-content\/uploads\/2015\/02\/venaria-reale-dopo-300x199.jpg 300w, https:\/\/blog.filasolutions.com\/wp-content\/uploads\/2015\/02\/venaria-reale-dopo-768x510.jpg 768w\" sizes=\"(max-width: 480px) 100vw, 480px\" \/><\/a><\/p>\n<p>En particular, <b>la pintura del parqu\u00e9 estaba desgastada por el tr\u00e1nsito <\/b>de los visitantes e irremediablemente da\u00f1ada, hasta tal punto que se hab\u00eda previsto el pulido como \u00fanica soluci\u00f3n.<\/p>\n<p>Nuestros expertos propusieron un trabajo alternativo, basado en el empleo de materiales naturales y reversibles: primero desengrasaron la superficie con detergente desencerante <a href=\"https:\/\/www.filasolutions.com\/es\/productos\/gama-completa\/limpieza\/detergentes\/filasolv.html\" target=\"_blank\"><b>FILASOLV<\/b><\/a> y luego extendieron varias capas de cera pigmentada <a href=\"https:\/\/www.filasolutions.com\/es\/productos\/gama-completa\/proteccion\/oils\/fila-pro130.html\" target=\"_blank\"><b><b>FILA<\/b>PRO130<\/b><\/a>, <a href=\"https:\/\/www.filasolutions.com\/es\/productos\/gama-completa\/proteccion\/oils\/filaparquet-nature.html\" target=\"_blank\"><b><b>FILA<\/b>PARQUET NATURE<\/b><\/a>, <b><a href=\"https:\/\/www.filasolutions.com\/es\/productos\/gama-completa\/ceras\/ceras-liquidas-y-en-pasta\/fila-naturwax.html\" target=\"_blank\"><b>FILA<\/b>NATURWAX<\/a>,<\/b> para devolver a los pavimentos el brillo y el color originales. Este procedimiento fue particularmente apreciado por la Superintendencia de Bienes Culturales, que decidi\u00f3 incorporarlo en el programa de mantenimiento extraordinario.<\/p>\n<p><a href=\"\/wp-content\/uploads\/2015\/02\/venaria-reale-parquet-prima.jpg\"><img loading=\"lazy\" decoding=\"async\" class=\"alignnone  wp-image-4370\" alt=\"venaria-reale-parquet-prima\" src=\"\/wp-content\/uploads\/2015\/02\/venaria-reale-parquet-prima.jpg\" width=\"480\" height=\"319\" srcset=\"https:\/\/blog.filasolutions.com\/wp-content\/uploads\/2015\/02\/venaria-reale-parquet-prima.jpg 800w, https:\/\/blog.filasolutions.com\/wp-content\/uploads\/2015\/02\/venaria-reale-parquet-prima-300x199.jpg 300w, https:\/\/blog.filasolutions.com\/wp-content\/uploads\/2015\/02\/venaria-reale-parquet-prima-768x510.jpg 768w\" sizes=\"(max-width: 480px) 100vw, 480px\" \/><\/a><\/p>\n<p><a href=\"\/wp-content\/uploads\/2015\/02\/venaria-reale-parquet-trattato-FILA.jpg\"><img loading=\"lazy\" decoding=\"async\" class=\"alignnone  wp-image-4371\" alt=\"venaria-reale-parquet-trattato-FILA\" src=\"\/wp-content\/uploads\/2015\/02\/venaria-reale-parquet-trattato-FILA.jpg\" width=\"480\" height=\"319\" srcset=\"https:\/\/blog.filasolutions.com\/wp-content\/uploads\/2015\/02\/venaria-reale-parquet-trattato-FILA.jpg 800w, https:\/\/blog.filasolutions.com\/wp-content\/uploads\/2015\/02\/venaria-reale-parquet-trattato-FILA-300x199.jpg 300w, https:\/\/blog.filasolutions.com\/wp-content\/uploads\/2015\/02\/venaria-reale-parquet-trattato-FILA-768x510.jpg 768w\" sizes=\"(max-width: 480px) 100vw, 480px\" \/><\/a><\/p>\n<p>\u201cEn nuestro trabajo hay <strong>emociones que dif\u00edcilmente se olvidan<\/strong>, y que resultan fundamentales en los momentos de cansancio y dificultad\u201d \u2013 declararon los hermanos Bergantin al finalizar el trabajo:<\/p>\n<blockquote><p>\u201cEl haber devuelto la vida a un patrimonio de la historia como el Palacio Real de Venaria ha sido una experiencia extraordinaria y emocionante. <strong>Estamos orgullosos de haber sido protagonistas de la obra de restauraci\u00f3n m\u00e1s grande de Europa.\u201d<\/strong><\/p><\/blockquote>\n<p>Felicitamos, pues, a nuestros expertos Bergantin, que con su trabajo han contribuido a valorizar un patrimonio de la historia como el Palacio Real de Venaria.<\/p>\n<p><a href=\"\/wp-content\/uploads\/2015\/02\/venaria-cotto-prima.jpg\"><img loading=\"lazy\" decoding=\"async\" class=\"alignnone  wp-image-4368\" alt=\"venaria-cotto-prima\" src=\"\/wp-content\/uploads\/2015\/02\/venaria-cotto-prima.jpg\" width=\"480\" height=\"319\" srcset=\"https:\/\/blog.filasolutions.com\/wp-content\/uploads\/2015\/02\/venaria-cotto-prima.jpg 800w, https:\/\/blog.filasolutions.com\/wp-content\/uploads\/2015\/02\/venaria-cotto-prima-300x199.jpg 300w, https:\/\/blog.filasolutions.com\/wp-content\/uploads\/2015\/02\/venaria-cotto-prima-768x510.jpg 768w\" sizes=\"(max-width: 480px) 100vw, 480px\" \/><\/a><\/p>\n<p><a href=\"\/wp-content\/uploads\/2015\/02\/venaria-realte-cotto-dopo.jpg\"><img loading=\"lazy\" decoding=\"async\" class=\"alignnone  wp-image-4374\" alt=\"venaria-realte-cotto-dopo\" src=\"\/wp-content\/uploads\/2015\/02\/venaria-realte-cotto-dopo.jpg\" width=\"480\" height=\"319\" srcset=\"https:\/\/blog.filasolutions.com\/wp-content\/uploads\/2015\/02\/venaria-realte-cotto-dopo.jpg 800w, https:\/\/blog.filasolutions.com\/wp-content\/uploads\/2015\/02\/venaria-realte-cotto-dopo-300x199.jpg 300w, https:\/\/blog.filasolutions.com\/wp-content\/uploads\/2015\/02\/venaria-realte-cotto-dopo-768x510.jpg 768w\" sizes=\"(max-width: 480px) 100vw, 480px\" \/><\/a><\/p>\n","protected":false},"excerpt":{"rendered":"<p>Los ganadores de esta edici\u00f3n del Concurso Tratados como Reyes son los hermanos Bergantin, que realizaron el tratamiento de las superficies de algunas salas del espl\u00e9ndido Palacio Real de Venaria, una de las mayores residencias saboyanas de Piamonte, obra maestra de arquitectura y paisaje, declarado Patrimonio de la Humanidad por la Unesco en 1997. La [&hellip;]<\/p>\n","protected":false},"author":654,"featured_media":4375,"comment_status":"open","ping_status":"open","sticky":false,"template":"","format":"standard","meta":{"_acf_changed":false,"om_disable_all_campaigns":false,"_monsterinsights_skip_tracking":false,"_monsterinsights_sitenote_active":false,"_monsterinsights_sitenote_note":"","_monsterinsights_sitenote_category":0,"_uf_show_specific_survey":0,"_uf_disable_surveys":false,"ngg_post_thumbnail":0,"footnotes":""},"categories":[1206],"tags":[],"surface":[2046,2053,2039],"room":[2062],"acf":[],"aioseo_notices":[],"_links":{"self":[{"href":"https:\/\/blog.filasolutions.com\/es\/wp-json\/wp\/v2\/posts\/4414"}],"collection":[{"href":"https:\/\/blog.filasolutions.com\/es\/wp-json\/wp\/v2\/posts"}],"about":[{"href":"https:\/\/blog.filasolutions.com\/es\/wp-json\/wp\/v2\/types\/post"}],"author":[{"embeddable":true,"href":"https:\/\/blog.filasolutions.com\/es\/wp-json\/wp\/v2\/users\/654"}],"replies":[{"embeddable":true,"href":"https:\/\/blog.filasolutions.com\/es\/wp-json\/wp\/v2\/comments?post=4414"}],"version-history":[{"count":0,"href":"https:\/\/blog.filasolutions.com\/es\/wp-json\/wp\/v2\/posts\/4414\/revisions"}],"wp:featuredmedia":[{"embeddable":true,"href":"https:\/\/blog.filasolutions.com\/es\/wp-json\/wp\/v2\/media\/4375"}],"wp:attachment":[{"href":"https:\/\/blog.filasolutions.com\/es\/wp-json\/wp\/v2\/media?parent=4414"}],"wp:term":[{"taxonomy":"category","embeddable":true,"href":"https:\/\/blog.filasolutions.com\/es\/wp-json\/wp\/v2\/categories?post=4414"},{"taxonomy":"post_tag","embeddable":true,"href":"https:\/\/blog.filasolutions.com\/es\/wp-json\/wp\/v2\/tags?post=4414"},{"taxonomy":"surface","embeddable":true,"href":"https:\/\/blog.filasolutions.com\/es\/wp-json\/wp\/v2\/surface?post=4414"},{"taxonomy":"room","embeddable":true,"href":"https:\/\/blog.filasolutions.com\/es\/wp-json\/wp\/v2\/room?post=4414"}],"curies":[{"name":"wp","href":"https:\/\/api.w.org\/{rel}","templated":true}]}}